{"id":1121,"date":"2025-05-27T20:04:48","date_gmt":"2025-05-27T20:04:48","guid":{"rendered":"https:\/\/www.hongkonger-in-deutschland.org\/?p=1121"},"modified":"2025-05-27T20:04:48","modified_gmt":"2025-05-27T20:04:48","slug":"mahnwache-4-juni-2025","status":"publish","type":"post","link":"https:\/\/www.hongkonger-in-deutschland.org\/index.php\/2025\/05\/27\/mahnwache-4-juni-2025\/","title":{"rendered":"Mahnwache 4.Juni (2025)"},"content":{"rendered":"<div class=\"boldgrid-section\">\n<div class=\"container\">\n<div class=\"row\">\n<div class=\"col-lg-12 col-md-12 col-xs-12 col-sm-12\">\n<div class=\"x11i5rnm xat24cr x1mh8g0r x1vvkbs xtlvy1s x126k92a\">\n<div dir=\"auto\">Save the Date: Kerzenlicht-Mahnwache am 4. Juni <span class=\"html-span xexx8yu x4uap5 x18d9i69 xkhd6sd x1hl2dhg x16tdsg8 x1vvkbs x3nfvp2 x1j61x8r x1fcty0u xdj266r xat24cr xgzva0m xhhsvwb xxymvpz xlup9mm x1kky2od\"><img loading=\"lazy\" decoding=\"async\" class=\"xz74otr x168nmei x13lgxp2 x5pf9jr xo71vjh\" src=\"https:\/\/static.xx.fbcdn.net\/images\/emoji.php\/v9\/t1c\/2\/16\/1f56f.png\" alt=\"\ud83d\udd6f\ufe0f\" width=\"16\" height=\"16\"><\/span><\/div>\n<div dir=\"auto\">Lasst uns gemeinsam derer gedenken, die f\u00fcr Freiheit einstanden.<\/div>\n<div dir=\"auto\">Gemeinsam erinnern. Gemeinsam stehen.<\/div>\n<\/div>\n<div class=\"x11i5rnm xat24cr x1mh8g0r x1vvkbs xtlvy1s x126k92a\">\n<div dir=\"auto\"><span class=\"html-span xexx8yu x4uap5 x18d9i69 xkhd6sd x1hl2dhg x16tdsg8 x1vvkbs x3nfvp2 x1j61x8r x1fcty0u xdj266r xat24cr xgzva0m xhhsvwb xxymvpz xlup9mm x1kky2od\"><img loading=\"lazy\" decoding=\"async\" class=\"xz74otr x168nmei x13lgxp2 x5pf9jr xo71vjh\" src=\"https:\/\/static.xx.fbcdn.net\/images\/emoji.php\/v9\/tcc\/2\/16\/1f4cd.png\" alt=\"\ud83d\udccd\" width=\"16\" height=\"16\"><\/span> Berlin | D\u00fcsseldorf | Frankfurt | M\u00fcnchen | Stuttgart<\/div>\n<div dir=\"auto\"><span class=\"html-span xexx8yu x4uap5 x18d9i69 xkhd6sd x1hl2dhg x16tdsg8 x1vvkbs x3nfvp2 x1j61x8r x1fcty0u xdj266r xat24cr xgzva0m xhhsvwb xxymvpz xlup9mm x1kky2od\"><img loading=\"lazy\" decoding=\"async\" class=\"xz74otr x168nmei x13lgxp2 x5pf9jr xo71vjh\" src=\"https:\/\/static.xx.fbcdn.net\/images\/emoji.php\/v9\/t1d\/2\/16\/1f4c5.png\" alt=\"\ud83d\udcc5\" width=\"16\" height=\"16\"><\/span> 4. Juni 2025 (Mi.)<\/div>\n<div dir=\"auto\"><span class=\"html-span xexx8yu x4uap5 x18d9i69 xkhd6sd x1hl2dhg x16tdsg8 x1vvkbs x3nfvp2 x1j61x8r x1fcty0u xdj266r xat24cr xgzva0m xhhsvwb xxymvpz xlup9mm x1kky2od\"><img loading=\"lazy\" decoding=\"async\" class=\"xz74otr x168nmei x13lgxp2 x5pf9jr xo71vjh\" src=\"https:\/\/static.xx.fbcdn.net\/images\/emoji.php\/v9\/tce\/2\/16\/1f557.png\" alt=\"\ud83d\udd57\" width=\"16\" height=\"16\"><\/span> Abends \u2013 genaue Uhrzeiten folgen<\/div>\n<\/div>\n<\/div>\n<\/div>\n<\/div>\n<\/div>\n","protected":false},"excerpt":{"rendered":"<p>Save the Date: Kerzenlicht-Mahnwache am 4. Juni Lasst uns gemeinsam derer gedenken, die f\u00fcr Freiheit einstanden. Gemeinsam erinnern. Gemeinsam stehen. Berlin | D\u00fcsseldorf | Frankfurt | M\u00fcnchen | Stuttgart 4. Juni 2025 (Mi.) Abends \u2013 genaue Uhrzeiten folgen<\/p>\n","protected":false},"author":2,"featured_media":1122,"comment_status":"closed","ping_status":"open","sticky":false,"template":"","format":"standard","meta":{"ngg_post_thumbnail":0,"footnotes":""},"categories":[1],"tags":[],"class_list":["post-1121","post","type-post","status-publish","format-standard","has-post-thumbnail","hentry","category-uncategorized"],"yoast_head":"<!-- This site is optimized with the Yoast SEO plugin v27.0 - https:\/\/yoast.com\/product\/yoast-seo-wordpress\/ -->\n<title>Mahnwache 4.Juni (2025) - Hongkonger in Deutschland e. V.<\/title>\n<meta name=\"robots\" content=\"index, follow, max-snippet:-1, max-image-preview:large, max-video-preview:-1\" \/>\n<link rel=\"canonical\" href=\"https:\/\/www.hongkonger-in-deutschland.org\/index.php\/2025\/05\/27\/mahnwache-4-juni-2025\/\" \/>\n<meta property=\"og:locale\" content=\"de_DE\" \/>\n<meta property=\"og:type\" content=\"article\" \/>\n<meta property=\"og:title\" content=\"Mahnwache 4.Juni (2025) - Hongkonger in Deutschland e. V.\" \/>\n<meta property=\"og:description\" content=\"Save the Date: Kerzenlicht-Mahnwache am 4. Juni Lasst uns gemeinsam derer gedenken, die f\u00fcr Freiheit einstanden. Gemeinsam erinnern. Gemeinsam stehen. Berlin | D\u00fcsseldorf | Frankfurt | M\u00fcnchen | Stuttgart 4. Juni 2025 (Mi.) Abends \u2013 genaue Uhrzeiten folgen\" \/>\n<meta property=\"og:url\" content=\"https:\/\/www.hongkonger-in-deutschland.org\/index.php\/2025\/05\/27\/mahnwache-4-juni-2025\/\" \/>\n<meta property=\"og:site_name\" content=\"Hongkonger in Deutschland e. V.\" \/>\n<meta property=\"article:published_time\" content=\"2025-05-27T20:04:48+00:00\" \/>\n<meta property=\"og:image\" content=\"https:\/\/www.hongkonger-in-deutschland.org\/wp-content\/uploads\/2025\/05\/64_2025.jpg\" \/>\n\t<meta property=\"og:image:width\" content=\"1080\" \/>\n\t<meta property=\"og:image:height\" content=\"1350\" \/>\n\t<meta property=\"og:image:type\" content=\"image\/jpeg\" \/>\n<meta name=\"author\" content=\"E\" \/>\n<meta name=\"twitter:card\" content=\"summary_large_image\" \/>\n<meta name=\"twitter:label1\" content=\"Verfasst von\" \/>\n\t<meta name=\"twitter:data1\" content=\"E\" \/>\n\t<meta name=\"twitter:label2\" content=\"Gesch\u00e4tzte Lesezeit\" \/>\n\t<meta name=\"twitter:data2\" content=\"2\u00a0Minuten\" \/>\n<script type=\"application\/ld+json\" class=\"yoast-schema-graph\">{\"@context\":\"https:\/\/schema.org\",\"@graph\":[{\"@type\":\"Article\",\"@id\":\"https:\/\/www.hongkonger-in-deutschland.org\/index.php\/2025\/05\/27\/mahnwache-4-juni-2025\/#article\",\"isPartOf\":{\"@id\":\"https:\/\/www.hongkonger-in-deutschland.org\/index.php\/2025\/05\/27\/mahnwache-4-juni-2025\/\"},\"author\":{\"name\":\"E\",\"@id\":\"https:\/\/www.hongkonger-in-deutschland.org\/#\/schema\/person\/ba67e433a469da079b08f560467aa4d0\"},\"headline\":\"Mahnwache 4.Juni (2025)\",\"datePublished\":\"2025-05-27T20:04:48+00:00\",\"mainEntityOfPage\":{\"@id\":\"https:\/\/www.hongkonger-in-deutschland.org\/index.php\/2025\/05\/27\/mahnwache-4-juni-2025\/\"},\"wordCount\":35,\"publisher\":{\"@id\":\"https:\/\/www.hongkonger-in-deutschland.org\/#organization\"},\"image\":{\"@id\":\"https:\/\/www.hongkonger-in-deutschland.org\/index.php\/2025\/05\/27\/mahnwache-4-juni-2025\/#primaryimage\"},\"thumbnailUrl\":\"https:\/\/www.hongkonger-in-deutschland.org\/wp-content\/uploads\/2025\/05\/64_2025.jpg\",\"articleSection\":[\"Uncategorized\"],\"inLanguage\":\"de\"},{\"@type\":\"WebPage\",\"@id\":\"https:\/\/www.hongkonger-in-deutschland.org\/index.php\/2025\/05\/27\/mahnwache-4-juni-2025\/\",\"url\":\"https:\/\/www.hongkonger-in-deutschland.org\/index.php\/2025\/05\/27\/mahnwache-4-juni-2025\/\",\"name\":\"Mahnwache 4.Juni (2025) - Hongkonger in Deutschland e. V.\",\"isPartOf\":{\"@id\":\"https:\/\/www.hongkonger-in-deutschland.org\/#website\"},\"primaryImageOfPage\":{\"@id\":\"https:\/\/www.hongkonger-in-deutschland.org\/index.php\/2025\/05\/27\/mahnwache-4-juni-2025\/#primaryimage\"},\"image\":{\"@id\":\"https:\/\/www.hongkonger-in-deutschland.org\/index.php\/2025\/05\/27\/mahnwache-4-juni-2025\/#primaryimage\"},\"thumbnailUrl\":\"https:\/\/www.hongkonger-in-deutschland.org\/wp-content\/uploads\/2025\/05\/64_2025.jpg\",\"datePublished\":\"2025-05-27T20:04:48+00:00\",\"breadcrumb\":{\"@id\":\"https:\/\/www.hongkonger-in-deutschland.org\/index.php\/2025\/05\/27\/mahnwache-4-juni-2025\/#breadcrumb\"},\"inLanguage\":\"de\",\"potentialAction\":[{\"@type\":\"ReadAction\",\"target\":[\"https:\/\/www.hongkonger-in-deutschland.org\/index.php\/2025\/05\/27\/mahnwache-4-juni-2025\/\"]}]},{\"@type\":\"ImageObject\",\"inLanguage\":\"de\",\"@id\":\"https:\/\/www.hongkonger-in-deutschland.org\/index.php\/2025\/05\/27\/mahnwache-4-juni-2025\/#primaryimage\",\"url\":\"https:\/\/www.hongkonger-in-deutschland.org\/wp-content\/uploads\/2025\/05\/64_2025.jpg\",\"contentUrl\":\"https:\/\/www.hongkonger-in-deutschland.org\/wp-content\/uploads\/2025\/05\/64_2025.jpg\",\"width\":1080,\"height\":1350},{\"@type\":\"BreadcrumbList\",\"@id\":\"https:\/\/www.hongkonger-in-deutschland.org\/index.php\/2025\/05\/27\/mahnwache-4-juni-2025\/#breadcrumb\",\"itemListElement\":[{\"@type\":\"ListItem\",\"position\":1,\"name\":\"Home\",\"item\":\"https:\/\/www.hongkonger-in-deutschland.org\/\"},{\"@type\":\"ListItem\",\"position\":2,\"name\":\"Mahnwache 4.Juni (2025)\"}]},{\"@type\":\"WebSite\",\"@id\":\"https:\/\/www.hongkonger-in-deutschland.org\/#website\",\"url\":\"https:\/\/www.hongkonger-in-deutschland.org\/\",\"name\":\"Hongkonger in Deutschland e. V.\",\"description\":\"A Bridge between Hong Kong and Germany\",\"publisher\":{\"@id\":\"https:\/\/www.hongkonger-in-deutschland.org\/#organization\"},\"potentialAction\":[{\"@type\":\"SearchAction\",\"target\":{\"@type\":\"EntryPoint\",\"urlTemplate\":\"https:\/\/www.hongkonger-in-deutschland.org\/?s={search_term_string}\"},\"query-input\":{\"@type\":\"PropertyValueSpecification\",\"valueRequired\":true,\"valueName\":\"search_term_string\"}}],\"inLanguage\":\"de\"},{\"@type\":\"Organization\",\"@id\":\"https:\/\/www.hongkonger-in-deutschland.org\/#organization\",\"name\":\"Hongkonger in Deutschland e. V.\",\"url\":\"https:\/\/www.hongkonger-in-deutschland.org\/\",\"logo\":{\"@type\":\"ImageObject\",\"inLanguage\":\"de\",\"@id\":\"https:\/\/www.hongkonger-in-deutschland.org\/#\/schema\/logo\/image\/\",\"url\":\"https:\/\/www.hongkonger-in-deutschland.org\/wp-content\/uploads\/2022\/01\/cropped-cropped-logo_no_text.png\",\"contentUrl\":\"https:\/\/www.hongkonger-in-deutschland.org\/wp-content\/uploads\/2022\/01\/cropped-cropped-logo_no_text.png\",\"width\":512,\"height\":512,\"caption\":\"Hongkonger in Deutschland e. V.\"},\"image\":{\"@id\":\"https:\/\/www.hongkonger-in-deutschland.org\/#\/schema\/logo\/image\/\"}},{\"@type\":\"Person\",\"@id\":\"https:\/\/www.hongkonger-in-deutschland.org\/#\/schema\/person\/ba67e433a469da079b08f560467aa4d0\",\"name\":\"E\",\"image\":{\"@type\":\"ImageObject\",\"inLanguage\":\"de\",\"@id\":\"https:\/\/www.hongkonger-in-deutschland.org\/#\/schema\/person\/image\/\",\"url\":\"https:\/\/secure.gravatar.com\/avatar\/699dc9039b8ab14460e763c96c59d8cc4687491c76c6cdbab873463475a2ad38?s=96&d=mm&r=g\",\"contentUrl\":\"https:\/\/secure.gravatar.com\/avatar\/699dc9039b8ab14460e763c96c59d8cc4687491c76c6cdbab873463475a2ad38?s=96&d=mm&r=g\",\"caption\":\"E\"},\"url\":\"https:\/\/www.hongkonger-in-deutschland.org\/index.php\/author\/admin\/\"}]}<\/script>\n<!-- \/ Yoast SEO plugin. -->","yoast_head_json":{"title":"Mahnwache 4.Juni (2025) - Hongkonger in Deutschland e. V.","robots":{"index":"index","follow":"follow","max-snippet":"max-snippet:-1","max-image-preview":"max-image-preview:large","max-video-preview":"max-video-preview:-1"},"canonical":"https:\/\/www.hongkonger-in-deutschland.org\/index.php\/2025\/05\/27\/mahnwache-4-juni-2025\/","og_locale":"de_DE","og_type":"article","og_title":"Mahnwache 4.Juni (2025) - Hongkonger in Deutschland e. V.","og_description":"Save the Date: Kerzenlicht-Mahnwache am 4. Juni Lasst uns gemeinsam derer gedenken, die f\u00fcr Freiheit einstanden. Gemeinsam erinnern. Gemeinsam stehen. Berlin | D\u00fcsseldorf | Frankfurt | M\u00fcnchen | Stuttgart 4. Juni 2025 (Mi.) Abends \u2013 genaue Uhrzeiten folgen","og_url":"https:\/\/www.hongkonger-in-deutschland.org\/index.php\/2025\/05\/27\/mahnwache-4-juni-2025\/","og_site_name":"Hongkonger in Deutschland e. V.","article_published_time":"2025-05-27T20:04:48+00:00","og_image":[{"width":1080,"height":1350,"url":"https:\/\/www.hongkonger-in-deutschland.org\/wp-content\/uploads\/2025\/05\/64_2025.jpg","type":"image\/jpeg"}],"author":"E","twitter_card":"summary_large_image","twitter_misc":{"Verfasst von":"E","Gesch\u00e4tzte Lesezeit":"2\u00a0Minuten"},"schema":{"@context":"https:\/\/schema.org","@graph":[{"@type":"Article","@id":"https:\/\/www.hongkonger-in-deutschland.org\/index.php\/2025\/05\/27\/mahnwache-4-juni-2025\/#article","isPartOf":{"@id":"https:\/\/www.hongkonger-in-deutschland.org\/index.php\/2025\/05\/27\/mahnwache-4-juni-2025\/"},"author":{"name":"E","@id":"https:\/\/www.hongkonger-in-deutschland.org\/#\/schema\/person\/ba67e433a469da079b08f560467aa4d0"},"headline":"Mahnwache 4.Juni (2025)","datePublished":"2025-05-27T20:04:48+00:00","mainEntityOfPage":{"@id":"https:\/\/www.hongkonger-in-deutschland.org\/index.php\/2025\/05\/27\/mahnwache-4-juni-2025\/"},"wordCount":35,"publisher":{"@id":"https:\/\/www.hongkonger-in-deutschland.org\/#organization"},"image":{"@id":"https:\/\/www.hongkonger-in-deutschland.org\/index.php\/2025\/05\/27\/mahnwache-4-juni-2025\/#primaryimage"},"thumbnailUrl":"https:\/\/www.hongkonger-in-deutschland.org\/wp-content\/uploads\/2025\/05\/64_2025.jpg","articleSection":["Uncategorized"],"inLanguage":"de"},{"@type":"WebPage","@id":"https:\/\/www.hongkonger-in-deutschland.org\/index.php\/2025\/05\/27\/mahnwache-4-juni-2025\/","url":"https:\/\/www.hongkonger-in-deutschland.org\/index.php\/2025\/05\/27\/mahnwache-4-juni-2025\/","name":"Mahnwache 4.Juni (2025) - Hongkonger in Deutschland e. V.","isPartOf":{"@id":"https:\/\/www.hongkonger-in-deutschland.org\/#website"},"primaryImageOfPage":{"@id":"https:\/\/www.hongkonger-in-deutschland.org\/index.php\/2025\/05\/27\/mahnwache-4-juni-2025\/#primaryimage"},"image":{"@id":"https:\/\/www.hongkonger-in-deutschland.org\/index.php\/2025\/05\/27\/mahnwache-4-juni-2025\/#primaryimage"},"thumbnailUrl":"https:\/\/www.hongkonger-in-deutschland.org\/wp-content\/uploads\/2025\/05\/64_2025.jpg","datePublished":"2025-05-27T20:04:48+00:00","breadcrumb":{"@id":"https:\/\/www.hongkonger-in-deutschland.org\/index.php\/2025\/05\/27\/mahnwache-4-juni-2025\/#breadcrumb"},"inLanguage":"de","potentialAction":[{"@type":"ReadAction","target":["https:\/\/www.hongkonger-in-deutschland.org\/index.php\/2025\/05\/27\/mahnwache-4-juni-2025\/"]}]},{"@type":"ImageObject","inLanguage":"de","@id":"https:\/\/www.hongkonger-in-deutschland.org\/index.php\/2025\/05\/27\/mahnwache-4-juni-2025\/#primaryimage","url":"https:\/\/www.hongkonger-in-deutschland.org\/wp-content\/uploads\/2025\/05\/64_2025.jpg","contentUrl":"https:\/\/www.hongkonger-in-deutschland.org\/wp-content\/uploads\/2025\/05\/64_2025.jpg","width":1080,"height":1350},{"@type":"BreadcrumbList","@id":"https:\/\/www.hongkonger-in-deutschland.org\/index.php\/2025\/05\/27\/mahnwache-4-juni-2025\/#breadcrumb","itemListElement":[{"@type":"ListItem","position":1,"name":"Home","item":"https:\/\/www.hongkonger-in-deutschland.org\/"},{"@type":"ListItem","position":2,"name":"Mahnwache 4.Juni (2025)"}]},{"@type":"WebSite","@id":"https:\/\/www.hongkonger-in-deutschland.org\/#website","url":"https:\/\/www.hongkonger-in-deutschland.org\/","name":"Hongkonger in Deutschland e. V.","description":"A Bridge between Hong Kong and Germany","publisher":{"@id":"https:\/\/www.hongkonger-in-deutschland.org\/#organization"},"potentialAction":[{"@type":"SearchAction","target":{"@type":"EntryPoint","urlTemplate":"https:\/\/www.hongkonger-in-deutschland.org\/?s={search_term_string}"},"query-input":{"@type":"PropertyValueSpecification","valueRequired":true,"valueName":"search_term_string"}}],"inLanguage":"de"},{"@type":"Organization","@id":"https:\/\/www.hongkonger-in-deutschland.org\/#organization","name":"Hongkonger in Deutschland e. V.","url":"https:\/\/www.hongkonger-in-deutschland.org\/","logo":{"@type":"ImageObject","inLanguage":"de","@id":"https:\/\/www.hongkonger-in-deutschland.org\/#\/schema\/logo\/image\/","url":"https:\/\/www.hongkonger-in-deutschland.org\/wp-content\/uploads\/2022\/01\/cropped-cropped-logo_no_text.png","contentUrl":"https:\/\/www.hongkonger-in-deutschland.org\/wp-content\/uploads\/2022\/01\/cropped-cropped-logo_no_text.png","width":512,"height":512,"caption":"Hongkonger in Deutschland e. V."},"image":{"@id":"https:\/\/www.hongkonger-in-deutschland.org\/#\/schema\/logo\/image\/"}},{"@type":"Person","@id":"https:\/\/www.hongkonger-in-deutschland.org\/#\/schema\/person\/ba67e433a469da079b08f560467aa4d0","name":"E","image":{"@type":"ImageObject","inLanguage":"de","@id":"https:\/\/www.hongkonger-in-deutschland.org\/#\/schema\/person\/image\/","url":"https:\/\/secure.gravatar.com\/avatar\/699dc9039b8ab14460e763c96c59d8cc4687491c76c6cdbab873463475a2ad38?s=96&d=mm&r=g","contentUrl":"https:\/\/secure.gravatar.com\/avatar\/699dc9039b8ab14460e763c96c59d8cc4687491c76c6cdbab873463475a2ad38?s=96&d=mm&r=g","caption":"E"},"url":"https:\/\/www.hongkonger-in-deutschland.org\/index.php\/author\/admin\/"}]}},"_links":{"self":[{"href":"https:\/\/www.hongkonger-in-deutschland.org\/index.php\/wp-json\/wp\/v2\/posts\/1121","targetHints":{"allow":["GET"]}}],"collection":[{"href":"https:\/\/www.hongkonger-in-deutschland.org\/index.php\/wp-json\/wp\/v2\/posts"}],"about":[{"href":"https:\/\/www.hongkonger-in-deutschland.org\/index.php\/wp-json\/wp\/v2\/types\/post"}],"author":[{"embeddable":true,"href":"https:\/\/www.hongkonger-in-deutschland.org\/index.php\/wp-json\/wp\/v2\/users\/2"}],"replies":[{"embeddable":true,"href":"https:\/\/www.hongkonger-in-deutschland.org\/index.php\/wp-json\/wp\/v2\/comments?post=1121"}],"version-history":[{"count":1,"href":"https:\/\/www.hongkonger-in-deutschland.org\/index.php\/wp-json\/wp\/v2\/posts\/1121\/revisions"}],"predecessor-version":[{"id":1123,"href":"https:\/\/www.hongkonger-in-deutschland.org\/index.php\/wp-json\/wp\/v2\/posts\/1121\/revisions\/1123"}],"wp:featuredmedia":[{"embeddable":true,"href":"https:\/\/www.hongkonger-in-deutschland.org\/index.php\/wp-json\/wp\/v2\/media\/1122"}],"wp:attachment":[{"href":"https:\/\/www.hongkonger-in-deutschland.org\/index.php\/wp-json\/wp\/v2\/media?parent=1121"}],"wp:term":[{"taxonomy":"category","embeddable":true,"href":"https:\/\/www.hongkonger-in-deutschland.org\/index.php\/wp-json\/wp\/v2\/categories?post=1121"},{"taxonomy":"post_tag","embeddable":true,"href":"https:\/\/www.hongkonger-in-deutschland.org\/index.php\/wp-json\/wp\/v2\/tags?post=1121"}],"curies":[{"name":"wp","href":"https:\/\/api.w.org\/{rel}","templated":true}]}}